{"id":10182,"date":"2025-07-21T09:00:53","date_gmt":"2025-07-21T07:00:53","guid":{"rendered":"https:\/\/finestresbcn.com\/?p=10182"},"modified":"2025-07-21T09:00:53","modified_gmt":"2025-07-21T07:00:53","slug":"hi-haura-subvencions-per-a-canviar-finestres-en-2026","status":"publish","type":"post","link":"https:\/\/finestresbcn.com\/ca\/hi-haura-subvencions-per-a-canviar-finestres-en-2026\/","title":{"rendered":"Hi haur\u00e0 subvencions per a canviar finestres en 2026?"},"content":{"rendered":"<p><em>Tot el que necessites saber si est\u00e0s pensant a renovar les teves finestres pr\u00f2ximament<\/em><\/p>\n<p>Si t&#8217;est\u00e0s plantejant canviar les finestres del teu habitatge o local, \u00e9s normal que et preguntis si continuaran existint ajudes p\u00fabliques en 2026. La resposta \u00e9s <strong>s\u00ed, per\u00f2 amb matisos<\/strong>.<\/p>\n<h2><\/h2>\n<h2>\u2705 Ajudes confirmades fins a juny de 2026<\/h2>\n<p>&nbsp;<\/p>\n<p>Actualment, les subvencions m\u00e9s rellevants a Espanya, i concretament a Catalunya, formen part del Programa <strong> 4 de Rehabilitaci\u00f3 Energ\u00e8tica d&#8217;Habitatges<\/strong>, finan\u00e7at pels <a href=\"https:\/\/www.hacienda.gob.es\/es-ES\/CDI\/Paginas\/FondosEuropeos\/Fondos-relacionados-COVID\/Next-Generation.aspx\" target=\"_blank\" rel=\"nofollow noopener\"><strong>fons europeus Next Generation EU<\/strong><\/a>. Aquestes ajudes:<\/p>\n<ul>\n<li><strong>Cobreixen fins a un 40\u202f% del cost<\/strong>, amb un m\u00e0xim de <strong>3\u202f000\u202f\u20ac per habitatge<\/strong>.<\/li>\n<li>Poden complementar-se amb ajudes municipals o auton\u00f2miques, elevant l&#8217;import total fins als <strong>6\u202f000\u202f\u20ac en alguns casos<\/strong>.<\/li>\n<li>Estan vigents <strong>fins al 30 de juny de 2026<\/strong>.<\/li>\n<\/ul>\n<p>A m\u00e9s, les obres han d&#8217;executar-se i justificar-se abans d&#8217;aquesta data. Per tant, si vols assegurar-te aquestes ajudes, <strong>no hauries d&#8217;esperar a 2026<\/strong> per a sol\u00b7licitar-les.<\/p>\n<p>\ud83d\udc49 Consulta tota la informaci\u00f3 detallada en la <a href=\"https:\/\/finestresbcn.com\/ca\/subvencio-canvi-de-finestres-2025-a-catalunya-guia-completa\/\" target=\"_blank\" rel=\"noopener\">guia completa de Finestres BCN<\/a>.<\/p>\n<h2><\/h2>\n<h2>\ud83d\udd0e Qu\u00e8 passar\u00e0 despr\u00e9s de juny de 2026?<\/h2>\n<p>&nbsp;<\/p>\n<p>Avui dia, <strong>no hi ha una confirmaci\u00f3 oficial<\/strong> sobre si les ajudes Next Generation es renovaran o si es llan\u00e7aran noves convocat\u00f2ries nacionals o auton\u00f2miques a partir del segon semestre de 2026.<\/p>\n<p>No obstant aix\u00f2, tot apunta al fet que podrien mantenir-se les seg\u00fcents opcions:<\/p>\n<ul>\n<li><strong>Nous programes europeus o nacionals<\/strong> vinculats a l&#8217;efici\u00e8ncia energ\u00e8tica i la descarbonitzaci\u00f3.<\/li>\n<li><strong>L\u00ednies d&#8217;ajuda auton\u00f2miques o locals<\/strong>, adaptades a les necessitats de cada comunitat.<\/li>\n<li><strong>Incentius fiscals<\/strong>: deduccions en l&#8217;IRPF per millores energ\u00e8tiques, que podrien prorrogar-se m\u00e9s enll\u00e0 de 2026.<\/li>\n<\/ul>\n<p>El precedent de les ajudes actuals i els compromisos europeus en mat\u00e8ria energ\u00e8tica suggereixen que <strong>hi haur\u00e0 continu\u00eftat d&#8217;algun tipus<\/strong>, encara que segurament amb noves condicions, imports o requisits.<\/p>\n<h2><\/h2>\n<h2>\ud83d\uddd3 Val la pena esperar a noves convocat\u00f2ries?<\/h2>\n<p>&nbsp;<\/p>\n<p>Si pots beneficiar-te de les ajudes vigents, <strong>no et conv\u00e9 esperar<\/strong>. Les subvencions actuals cobreixen un percentatge important de la inversi\u00f3 i la seva tramitaci\u00f3 ja est\u00e0 activa.<\/p>\n<p>Esperar a 2026 per a una possible nova l\u00ednia implica:<\/p>\n<ul>\n<li>No tenir la seguretat que existeixi o que et puguis acollir.<\/li>\n<li>Possiblement, quedar-te fora per esgotament de fons o canvis en els requisits.<\/li>\n<li>Perdre l&#8217;oportunitat de comen\u00e7ar a estalviar energia i diners des d&#8217;ara.<\/li>\n<\/ul>\n<h2><\/h2>\n<h2>\ud83c\udfe1 Qu\u00e8 has de fer si vols canviar les teves finestres en 2026?<\/h2>\n<p>&nbsp;<\/p>\n<ul>\n<li><strong>Informa&#8217;t i sol\u00b7licita les ajudes vigents abans de juny de 2026<\/strong>.<\/li>\n<li>Contacta amb un instal\u00b7lador homologat i demana pressupost detallat.<\/li>\n<li>Tramita les certificacions energ\u00e8tiques requerides.<\/li>\n<li>Consulta a experts com <a href=\"https:\/\/finestresbcn.com\/ca\/\"><strong>Finestres BCN<\/strong><\/a>, que t&#8217;orientaran durant tot el proc\u00e9s.<\/li>\n<\/ul>\n<h2><\/h2>\n<h2>\ud83d\udccc En resum<\/h2>\n<p>&nbsp;<\/p>\n<table style=\"height: 114px;\" border=\"1\" width=\"940\">\n<thead>\n<tr>\n<th>Hi haur\u00e0 ajudes per a canviar finestres en 2026?<\/th>\n<th style=\"text-align: center;\">S\u00ed, fins a juny de 2026 estan confirmades.<br \/>\nPer a despr\u00e9s, s&#8217;espera continu\u00eftat, per\u00f2 no est\u00e0 garantida.<\/th>\n<\/tr>\n<\/thead>\n<tbody>\n<tr>\n<td style=\"text-align: center;\">Quines ajudes hi ha ara?<\/td>\n<td style=\"text-align: right;\">Fins a 6\u202f000\u202f\u20ac combinant les Next Generation i ajudes locals\/auton\u00f2miques.<\/td>\n<\/tr>\n<tr>\n<td style=\"text-align: center;\">Qu\u00e8 et conv\u00e9 fer?<\/td>\n<td style=\"text-align: center;\">No esperar: sol\u00b7licita les ajudes vigents i assegura la teva inversi\u00f3.<\/td>\n<\/tr>\n<\/tbody>\n<\/table>\n<p>&nbsp;<\/p>\n<p><strong>Si vols saber exactament com aprofitar les subvencions abans que acabi el termini<\/strong>, consulta aquesta guia pr\u00e0ctica de Finestres BCN:<\/p>\n<p>\ud83d\udc49 <a href=\"https:\/\/finestresbcn.com\/ca\/subvencio-canvi-de-finestres-2025-a-catalunya-guia-completa\/\" target=\"_blank\" rel=\"noopener\">Subvenci\u00f3 canvio de finestres 2025 a Catalunya \u2013 Guia completa<\/a><\/p>\n","protected":false},"excerpt":{"rendered":"<p>Tot el que necessites saber si est\u00e0s pensant a renovar les teves finestres pr\u00f2ximament Si t&#8217;est\u00e0s plantejant canviar les finestres del teu habitatge o local, \u00e9s normal que et preguntis si continuaran existint ajudes p\u00fabliques en 2026. La resposta \u00e9s s\u00ed, per\u00f2 amb matisos. \u2705 Ajudes confirmades fins a juny de 2026 &nbsp; Actualment, les [&hellip;]<\/p>\n","protected":false},"author":1,"featured_media":10184,"comment_status":"closed","ping_status":"closed","sticky":false,"template":"","format":"standard","meta":{"_et_pb_use_builder":"","_et_pb_old_content":"","_et_gb_content_width":"","inline_featured_image":false,"footnotes":""},"categories":[131,129],"tags":[],"class_list":["post-10182","post","type-post","status-publish","format-standard","has-post-thumbnail","hentry","category-eficiencia-energetica-ca","category-ventanas-aluminio-ca"],"yoast_head":"<!-- This site is optimized with the Yoast SEO plugin v25.6 - https:\/\/yoast.com\/wordpress\/plugins\/seo\/ -->\n<title>Hi haur\u00e0 subvencions per a canviar finestres en 2026? | Finestres BCN<\/title>\n<meta name=\"description\" content=\"Hi haur\u00e0 subvencions per a canviar finestres en 2026?\" \/>\n<meta name=\"robots\" content=\"index, follow, max-snippet:-1, max-image-preview:large, max-video-preview:-1\" \/>\n<link rel=\"canonical\" href=\"https:\/\/finestresbcn.com\/habra-subvenciones-para-cambiar-ventanas-en-2026\/\" \/>\n<meta property=\"og:locale\" content=\"ca_ES\" \/>\n<meta property=\"og:type\" content=\"article\" \/>\n<meta property=\"og:title\" content=\"Hi haur\u00e0 subvencions per a canviar finestres en 2026? | Finestres BCN\" \/>\n<meta property=\"og:description\" content=\"Hi haur\u00e0 subvencions per a canviar finestres en 2026?\" \/>\n<meta property=\"og:url\" content=\"https:\/\/finestresbcn.com\/habra-subvenciones-para-cambiar-ventanas-en-2026\/\" \/>\n<meta property=\"og:site_name\" content=\"FinestresBCN\" \/>\n<meta property=\"article:published_time\" content=\"2025-07-21T07:00:53+00:00\" \/>\n<meta property=\"og:image\" content=\"https:\/\/finestresbcn.com\/wp-content\/uploads\/2025\/07\/ventanas-de-alumuinio-finestres-bcn.webp\" \/>\n\t<meta property=\"og:image:width\" content=\"980\" \/>\n\t<meta property=\"og:image:height\" content=\"551\" \/>\n\t<meta property=\"og:image:type\" content=\"image\/webp\" \/>\n<meta name=\"author\" content=\"welovewebs\" \/>\n<meta name=\"twitter:card\" content=\"summary_large_image\" \/>\n<meta name=\"twitter:label1\" content=\"Escrit per\" \/>\n\t<meta name=\"twitter:data1\" content=\"welovewebs\" \/>\n\t<meta name=\"twitter:label2\" content=\"Temps estimat de lectura\" \/>\n\t<meta name=\"twitter:data2\" content=\"3 minuts\" \/>\n<script type=\"application\/ld+json\" class=\"yoast-schema-graph\">{\"@context\":\"https:\/\/schema.org\",\"@graph\":[{\"@type\":\"WebPage\",\"@id\":\"https:\/\/finestresbcn.com\/habra-subvenciones-para-cambiar-ventanas-en-2026\/\",\"url\":\"https:\/\/finestresbcn.com\/habra-subvenciones-para-cambiar-ventanas-en-2026\/\",\"name\":\"Hi haur\u00e0 subvencions per a canviar finestres en 2026? | Finestres BCN\",\"isPartOf\":{\"@id\":\"https:\/\/finestresbcn.com\/ca\/#website\"},\"primaryImageOfPage\":{\"@id\":\"https:\/\/finestresbcn.com\/habra-subvenciones-para-cambiar-ventanas-en-2026\/#primaryimage\"},\"image\":{\"@id\":\"https:\/\/finestresbcn.com\/habra-subvenciones-para-cambiar-ventanas-en-2026\/#primaryimage\"},\"thumbnailUrl\":\"https:\/\/finestresbcn.com\/wp-content\/uploads\/2025\/07\/ventanas-de-alumuinio-finestres-bcn.webp\",\"datePublished\":\"2025-07-21T07:00:53+00:00\",\"author\":{\"@id\":\"https:\/\/finestresbcn.com\/ca\/#\/schema\/person\/a00ceecd3fba60bc82b23d79b72dc962\"},\"description\":\"Hi haur\u00e0 subvencions per a canviar finestres en 2026?\",\"breadcrumb\":{\"@id\":\"https:\/\/finestresbcn.com\/habra-subvenciones-para-cambiar-ventanas-en-2026\/#breadcrumb\"},\"inLanguage\":\"ca\",\"potentialAction\":[{\"@type\":\"ReadAction\",\"target\":[\"https:\/\/finestresbcn.com\/habra-subvenciones-para-cambiar-ventanas-en-2026\/\"]}]},{\"@type\":\"ImageObject\",\"inLanguage\":\"ca\",\"@id\":\"https:\/\/finestresbcn.com\/habra-subvenciones-para-cambiar-ventanas-en-2026\/#primaryimage\",\"url\":\"https:\/\/finestresbcn.com\/wp-content\/uploads\/2025\/07\/ventanas-de-alumuinio-finestres-bcn.webp\",\"contentUrl\":\"https:\/\/finestresbcn.com\/wp-content\/uploads\/2025\/07\/ventanas-de-alumuinio-finestres-bcn.webp\",\"width\":980,\"height\":551,\"caption\":\"ventana de aluminio k\u00b7line\"},{\"@type\":\"BreadcrumbList\",\"@id\":\"https:\/\/finestresbcn.com\/habra-subvenciones-para-cambiar-ventanas-en-2026\/#breadcrumb\",\"itemListElement\":[{\"@type\":\"ListItem\",\"position\":1,\"name\":\"Portada\",\"item\":\"https:\/\/finestresbcn.com\/ca\/\"},{\"@type\":\"ListItem\",\"position\":2,\"name\":\"Hi haur\u00e0 subvencions per a canviar finestres en 2026?\"}]},{\"@type\":\"WebSite\",\"@id\":\"https:\/\/finestresbcn.com\/ca\/#website\",\"url\":\"https:\/\/finestresbcn.com\/ca\/\",\"name\":\"FinestresBCN\",\"description\":\"\",\"potentialAction\":[{\"@type\":\"SearchAction\",\"target\":{\"@type\":\"EntryPoint\",\"urlTemplate\":\"https:\/\/finestresbcn.com\/ca\/?s={search_term_string}\"},\"query-input\":{\"@type\":\"PropertyValueSpecification\",\"valueRequired\":true,\"valueName\":\"search_term_string\"}}],\"inLanguage\":\"ca\"},{\"@type\":\"Person\",\"@id\":\"https:\/\/finestresbcn.com\/ca\/#\/schema\/person\/a00ceecd3fba60bc82b23d79b72dc962\",\"name\":\"welovewebs\",\"image\":{\"@type\":\"ImageObject\",\"inLanguage\":\"ca\",\"@id\":\"https:\/\/finestresbcn.com\/ca\/#\/schema\/person\/image\/\",\"url\":\"https:\/\/secure.gravatar.com\/avatar\/34673dd8a6f2563a21cce1b6c0b9c09fd86bd79799211f4fe472401767d17432?s=96&d=mm&r=g\",\"contentUrl\":\"https:\/\/secure.gravatar.com\/avatar\/34673dd8a6f2563a21cce1b6c0b9c09fd86bd79799211f4fe472401767d17432?s=96&d=mm&r=g\",\"caption\":\"welovewebs\"},\"sameAs\":[\"https:\/\/www.finestresbcn.com\/wordpress\"],\"url\":\"https:\/\/finestresbcn.com\/ca\/author\/welovewebs\/\"}]}<\/script>\n<!-- \/ Yoast SEO plugin. -->","yoast_head_json":{"title":"Hi haur\u00e0 subvencions per a canviar finestres en 2026? | Finestres BCN","description":"Hi haur\u00e0 subvencions per a canviar finestres en 2026?","robots":{"index":"index","follow":"follow","max-snippet":"max-snippet:-1","max-image-preview":"max-image-preview:large","max-video-preview":"max-video-preview:-1"},"canonical":"https:\/\/finestresbcn.com\/habra-subvenciones-para-cambiar-ventanas-en-2026\/","og_locale":"ca_ES","og_type":"article","og_title":"Hi haur\u00e0 subvencions per a canviar finestres en 2026? | Finestres BCN","og_description":"Hi haur\u00e0 subvencions per a canviar finestres en 2026?","og_url":"https:\/\/finestresbcn.com\/habra-subvenciones-para-cambiar-ventanas-en-2026\/","og_site_name":"FinestresBCN","article_published_time":"2025-07-21T07:00:53+00:00","og_image":[{"width":980,"height":551,"url":"https:\/\/finestresbcn.com\/wp-content\/uploads\/2025\/07\/ventanas-de-alumuinio-finestres-bcn.webp","type":"image\/webp"}],"author":"welovewebs","twitter_card":"summary_large_image","twitter_misc":{"Escrit per":"welovewebs","Temps estimat de lectura":"3 minuts"},"schema":{"@context":"https:\/\/schema.org","@graph":[{"@type":"WebPage","@id":"https:\/\/finestresbcn.com\/habra-subvenciones-para-cambiar-ventanas-en-2026\/","url":"https:\/\/finestresbcn.com\/habra-subvenciones-para-cambiar-ventanas-en-2026\/","name":"Hi haur\u00e0 subvencions per a canviar finestres en 2026? | Finestres BCN","isPartOf":{"@id":"https:\/\/finestresbcn.com\/ca\/#website"},"primaryImageOfPage":{"@id":"https:\/\/finestresbcn.com\/habra-subvenciones-para-cambiar-ventanas-en-2026\/#primaryimage"},"image":{"@id":"https:\/\/finestresbcn.com\/habra-subvenciones-para-cambiar-ventanas-en-2026\/#primaryimage"},"thumbnailUrl":"https:\/\/finestresbcn.com\/wp-content\/uploads\/2025\/07\/ventanas-de-alumuinio-finestres-bcn.webp","datePublished":"2025-07-21T07:00:53+00:00","author":{"@id":"https:\/\/finestresbcn.com\/ca\/#\/schema\/person\/a00ceecd3fba60bc82b23d79b72dc962"},"description":"Hi haur\u00e0 subvencions per a canviar finestres en 2026?","breadcrumb":{"@id":"https:\/\/finestresbcn.com\/habra-subvenciones-para-cambiar-ventanas-en-2026\/#breadcrumb"},"inLanguage":"ca","potentialAction":[{"@type":"ReadAction","target":["https:\/\/finestresbcn.com\/habra-subvenciones-para-cambiar-ventanas-en-2026\/"]}]},{"@type":"ImageObject","inLanguage":"ca","@id":"https:\/\/finestresbcn.com\/habra-subvenciones-para-cambiar-ventanas-en-2026\/#primaryimage","url":"https:\/\/finestresbcn.com\/wp-content\/uploads\/2025\/07\/ventanas-de-alumuinio-finestres-bcn.webp","contentUrl":"https:\/\/finestresbcn.com\/wp-content\/uploads\/2025\/07\/ventanas-de-alumuinio-finestres-bcn.webp","width":980,"height":551,"caption":"ventana de aluminio k\u00b7line"},{"@type":"BreadcrumbList","@id":"https:\/\/finestresbcn.com\/habra-subvenciones-para-cambiar-ventanas-en-2026\/#breadcrumb","itemListElement":[{"@type":"ListItem","position":1,"name":"Portada","item":"https:\/\/finestresbcn.com\/ca\/"},{"@type":"ListItem","position":2,"name":"Hi haur\u00e0 subvencions per a canviar finestres en 2026?"}]},{"@type":"WebSite","@id":"https:\/\/finestresbcn.com\/ca\/#website","url":"https:\/\/finestresbcn.com\/ca\/","name":"FinestresBCN","description":"","potentialAction":[{"@type":"SearchAction","target":{"@type":"EntryPoint","urlTemplate":"https:\/\/finestresbcn.com\/ca\/?s={search_term_string}"},"query-input":{"@type":"PropertyValueSpecification","valueRequired":true,"valueName":"search_term_string"}}],"inLanguage":"ca"},{"@type":"Person","@id":"https:\/\/finestresbcn.com\/ca\/#\/schema\/person\/a00ceecd3fba60bc82b23d79b72dc962","name":"welovewebs","image":{"@type":"ImageObject","inLanguage":"ca","@id":"https:\/\/finestresbcn.com\/ca\/#\/schema\/person\/image\/","url":"https:\/\/secure.gravatar.com\/avatar\/34673dd8a6f2563a21cce1b6c0b9c09fd86bd79799211f4fe472401767d17432?s=96&d=mm&r=g","contentUrl":"https:\/\/secure.gravatar.com\/avatar\/34673dd8a6f2563a21cce1b6c0b9c09fd86bd79799211f4fe472401767d17432?s=96&d=mm&r=g","caption":"welovewebs"},"sameAs":["https:\/\/www.finestresbcn.com\/wordpress"],"url":"https:\/\/finestresbcn.com\/ca\/author\/welovewebs\/"}]}},"_links":{"self":[{"href":"https:\/\/finestresbcn.com\/ca\/wp-json\/wp\/v2\/posts\/10182","targetHints":{"allow":["GET"]}}],"collection":[{"href":"https:\/\/finestresbcn.com\/ca\/wp-json\/wp\/v2\/posts"}],"about":[{"href":"https:\/\/finestresbcn.com\/ca\/wp-json\/wp\/v2\/types\/post"}],"author":[{"embeddable":true,"href":"https:\/\/finestresbcn.com\/ca\/wp-json\/wp\/v2\/users\/1"}],"replies":[{"embeddable":true,"href":"https:\/\/finestresbcn.com\/ca\/wp-json\/wp\/v2\/comments?post=10182"}],"version-history":[{"count":1,"href":"https:\/\/finestresbcn.com\/ca\/wp-json\/wp\/v2\/posts\/10182\/revisions"}],"predecessor-version":[{"id":10185,"href":"https:\/\/finestresbcn.com\/ca\/wp-json\/wp\/v2\/posts\/10182\/revisions\/10185"}],"wp:featuredmedia":[{"embeddable":true,"href":"https:\/\/finestresbcn.com\/ca\/wp-json\/wp\/v2\/media\/10184"}],"wp:attachment":[{"href":"https:\/\/finestresbcn.com\/ca\/wp-json\/wp\/v2\/media?parent=10182"}],"wp:term":[{"taxonomy":"category","embeddable":true,"href":"https:\/\/finestresbcn.com\/ca\/wp-json\/wp\/v2\/categories?post=10182"},{"taxonomy":"post_tag","embeddable":true,"href":"https:\/\/finestresbcn.com\/ca\/wp-json\/wp\/v2\/tags?post=10182"}],"curies":[{"name":"wp","href":"https:\/\/api.w.org\/{rel}","templated":true}]}}